{"id":53,"count":9,"description":"","link":"https:\/\/akfalpinismo.com.br\/site2019\/tag\/rapel-industrial-joinville\/","name":"rapel industrial joinville","slug":"rapel-industrial-joinville","taxonomy":"post_tag","meta":[],"yoast_head":"<!-- This site is optimized with the Yoast SEO plugin v22.5 - https:\/\/yoast.com\/wordpress\/plugins\/seo\/ -->\n<title>Arquivos rapel industrial joinville | AKF APINISMO<\/title>\n<meta name=\"robots\" content=\"index, follow, max-snippet:-1, max-image-preview:large, max-video-preview:-1\" \/>\n<link rel=\"canonical\" href=\"https:\/\/akfalpinismo.com.br\/site2019\/tag\/rapel-industrial-joinville\/\" \/>\n<meta property=\"og:locale\" content=\"pt_BR\" \/>\n<meta property=\"og:type\" content=\"article\" \/>\n<meta property=\"og:title\" content=\"Arquivos rapel industrial joinville | AKF APINISMO\" \/>\n<meta property=\"og:url\" content=\"https:\/\/akfalpinismo.com.br\/site2019\/tag\/rapel-industrial-joinville\/\" \/>\n<meta property=\"og:site_name\" content=\"AKF APINISMO\" \/>\n<meta name=\"twitter:card\" content=\"summary_large_image\" \/>\n<script type=\"application\/ld+json\" class=\"yoast-schema-graph\">{\"@context\":\"https:\/\/schema.org\",\"@graph\":[{\"@type\":\"CollectionPage\",\"@id\":\"https:\/\/akfalpinismo.com.br\/site2019\/tag\/rapel-industrial-joinville\/\",\"url\":\"https:\/\/akfalpinismo.com.br\/site2019\/tag\/rapel-industrial-joinville\/\",\"name\":\"Arquivos rapel industrial joinville | AKF APINISMO\",\"isPartOf\":{\"@id\":\"https:\/\/akfalpinismo.com.br\/site2019\/#website\"},\"breadcrumb\":{\"@id\":\"https:\/\/akfalpinismo.com.br\/site2019\/tag\/rapel-industrial-joinville\/#breadcrumb\"},\"inLanguage\":\"pt-BR\"},{\"@type\":\"BreadcrumbList\",\"@id\":\"https:\/\/akfalpinismo.com.br\/site2019\/tag\/rapel-industrial-joinville\/#breadcrumb\",\"itemListElement\":[{\"@type\":\"ListItem\",\"position\":1,\"name\":\"In\u00edcio\",\"item\":\"https:\/\/akfalpinismo.com.br\/site2019\/\"},{\"@type\":\"ListItem\",\"position\":2,\"name\":\"rapel industrial joinville\"}]},{\"@type\":\"WebSite\",\"@id\":\"https:\/\/akfalpinismo.com.br\/site2019\/#website\",\"url\":\"https:\/\/akfalpinismo.com.br\/site2019\/\",\"name\":\"AKF APINISMO\",\"description\":\"Alpinismo Industrial e Predial | Presta\u00e7\u00e3o de Servi\u00e7os de Manuten\u00e7\u00e3o | Linhas de Vida\",\"publisher\":{\"@id\":\"https:\/\/akfalpinismo.com.br\/site2019\/#organization\"},\"potentialAction\":[{\"@type\":\"SearchAction\",\"target\":{\"@type\":\"EntryPoint\",\"urlTemplate\":\"https:\/\/akfalpinismo.com.br\/site2019\/?s={search_term_string}\"},\"query-input\":\"required name=search_term_string\"}],\"inLanguage\":\"pt-BR\"},{\"@type\":\"Organization\",\"@id\":\"https:\/\/akfalpinismo.com.br\/site2019\/#organization\",\"name\":\"Akf Alpinismo\",\"url\":\"https:\/\/akfalpinismo.com.br\/site2019\/\",\"logo\":{\"@type\":\"ImageObject\",\"inLanguage\":\"pt-BR\",\"@id\":\"https:\/\/akfalpinismo.com.br\/site2019\/#\/schema\/logo\/image\/\",\"url\":\"https:\/\/akfalpinismo.com.br\/site2019\/wp-content\/uploads\/2019\/12\/AKF-ALPINISMO-logo-color-100px.png\",\"contentUrl\":\"https:\/\/akfalpinismo.com.br\/site2019\/wp-content\/uploads\/2019\/12\/AKF-ALPINISMO-logo-color-100px.png\",\"width\":100,\"height\":42,\"caption\":\"Akf Alpinismo\"},\"image\":{\"@id\":\"https:\/\/akfalpinismo.com.br\/site2019\/#\/schema\/logo\/image\/\"},\"sameAs\":[\"https:\/\/www.facebook.com\/AKF-Alpinismo-103571307846644\/\"]}]}<\/script>\n<!-- \/ Yoast SEO plugin. -->","yoast_head_json":{"title":"Arquivos rapel industrial joinville | AKF APINISMO","robots":{"index":"index","follow":"follow","max-snippet":"max-snippet:-1","max-image-preview":"max-image-preview:large","max-video-preview":"max-video-preview:-1"},"canonical":"https:\/\/akfalpinismo.com.br\/site2019\/tag\/rapel-industrial-joinville\/","og_locale":"pt_BR","og_type":"article","og_title":"Arquivos rapel industrial joinville | AKF APINISMO","og_url":"https:\/\/akfalpinismo.com.br\/site2019\/tag\/rapel-industrial-joinville\/","og_site_name":"AKF APINISMO","twitter_card":"summary_large_image","schema":{"@context":"https:\/\/schema.org","@graph":[{"@type":"CollectionPage","@id":"https:\/\/akfalpinismo.com.br\/site2019\/tag\/rapel-industrial-joinville\/","url":"https:\/\/akfalpinismo.com.br\/site2019\/tag\/rapel-industrial-joinville\/","name":"Arquivos rapel industrial joinville | AKF APINISMO","isPartOf":{"@id":"https:\/\/akfalpinismo.com.br\/site2019\/#website"},"breadcrumb":{"@id":"https:\/\/akfalpinismo.com.br\/site2019\/tag\/rapel-industrial-joinville\/#breadcrumb"},"inLanguage":"pt-BR"},{"@type":"BreadcrumbList","@id":"https:\/\/akfalpinismo.com.br\/site2019\/tag\/rapel-industrial-joinville\/#breadcrumb","itemListElement":[{"@type":"ListItem","position":1,"name":"In\u00edcio","item":"https:\/\/akfalpinismo.com.br\/site2019\/"},{"@type":"ListItem","position":2,"name":"rapel industrial joinville"}]},{"@type":"WebSite","@id":"https:\/\/akfalpinismo.com.br\/site2019\/#website","url":"https:\/\/akfalpinismo.com.br\/site2019\/","name":"AKF APINISMO","description":"Alpinismo Industrial e Predial | Presta\u00e7\u00e3o de Servi\u00e7os de Manuten\u00e7\u00e3o | Linhas de Vida","publisher":{"@id":"https:\/\/akfalpinismo.com.br\/site2019\/#organization"},"potentialAction":[{"@type":"SearchAction","target":{"@type":"EntryPoint","urlTemplate":"https:\/\/akfalpinismo.com.br\/site2019\/?s={search_term_string}"},"query-input":"required name=search_term_string"}],"inLanguage":"pt-BR"},{"@type":"Organization","@id":"https:\/\/akfalpinismo.com.br\/site2019\/#organization","name":"Akf Alpinismo","url":"https:\/\/akfalpinismo.com.br\/site2019\/","logo":{"@type":"ImageObject","inLanguage":"pt-BR","@id":"https:\/\/akfalpinismo.com.br\/site2019\/#\/schema\/logo\/image\/","url":"https:\/\/akfalpinismo.com.br\/site2019\/wp-content\/uploads\/2019\/12\/AKF-ALPINISMO-logo-color-100px.png","contentUrl":"https:\/\/akfalpinismo.com.br\/site2019\/wp-content\/uploads\/2019\/12\/AKF-ALPINISMO-logo-color-100px.png","width":100,"height":42,"caption":"Akf Alpinismo"},"image":{"@id":"https:\/\/akfalpinismo.com.br\/site2019\/#\/schema\/logo\/image\/"},"sameAs":["https:\/\/www.facebook.com\/AKF-Alpinismo-103571307846644\/"]}]}},"_links":{"self":[{"href":"https:\/\/akfalpinismo.com.br\/site2019\/wp-json\/wp\/v2\/tags\/53"}],"collection":[{"href":"https:\/\/akfalpinismo.com.br\/site2019\/wp-json\/wp\/v2\/tags"}],"about":[{"href":"https:\/\/akfalpinismo.com.br\/site2019\/wp-json\/wp\/v2\/taxonomies\/post_tag"}],"wp:post_type":[{"href":"https:\/\/akfalpinismo.com.br\/site2019\/wp-json\/wp\/v2\/posts?tags=53"}],"curies":[{"name":"wp","href":"https:\/\/api.w.org\/{rel}","templated":true}]}}